{"id":2411,"date":"2023-05-15T15:50:00","date_gmt":"2023-05-15T15:50:00","guid":{"rendered":"https:\/\/www.sus-mirri.it\/2023\/05\/14th-national-conference-on-biodiversity-1st-international-conference-on-mediterranean-biodiversity-13th-15th-september-2023\/"},"modified":"2024-01-31T17:23:16","modified_gmt":"2024-01-31T17:23:16","slug":"14th-national-conference-on-biodiversity-1st-international-conference-on-mediterranean-biodiversity-13th-15th-september-2023","status":"publish","type":"post","link":"https:\/\/www.sus-mirri.it\/it\/2023\/05\/14th-national-conference-on-biodiversity-1st-international-conference-on-mediterranean-biodiversity-13th-15th-september-2023\/","title":{"rendered":"14th National Conference on Biodiversity &#8211; 1st International Conference on Mediterranean Biodiversity 13th \u2013 15th September 2023"},"content":{"rendered":"\n<h1 class=\"wp-block-heading has-text-align-center\">14th National Conference on Biodiversity <\/h1>\n\n<h1 class=\"wp-block-heading has-text-align-center\">1st International Conference on Mediterranean Biodiversity<\/h1>\n\n<h1 class=\"wp-block-heading has-text-align-center\">13th \u2013 15th September 2023<\/h1>\n\n<p><strong><mark style=\"background-color:rgba(0, 0, 0, 0)\" class=\"has-inline-color has-ast-global-color-1-color\">Registration: <a rel=\"noreferrer noopener\" href=\"https:\/\/leccebiodiversity2023.com\/\" data-type=\"URL\" data-id=\"https:\/\/leccebiodiversity2023.com\/\" target=\"_blank\">HERE<\/a><\/mark><\/strong> &#8211; <strong><mark style=\"background-color:rgba(0, 0, 0, 0)\" class=\"has-inline-color has-ast-global-color-7-color\">deadline Early Registration Saturday <\/mark> <mark style=\"background-color:rgba(0, 0, 0, 0)\" class=\"has-inline-color has-ast-global-color-0-color\">3<\/mark> <mark style=\"background-color:rgba(0, 0, 0, 0)\" class=\"has-inline-color has-ast-global-color-0-color\">0th June<\/mark> <mark style=\"background-color:rgba(0, 0, 0, 0)\" class=\"has-inline-color has-ast-global-color-7-color\"> 2023!<\/mark><\/strong><\/p>\n\n<h3 class=\"wp-block-heading\"><mark style=\"background-color:rgba(0, 0, 0, 0)\" class=\"has-inline-color has-ast-global-color-3-color\">Biodiversity, resilience and climate change<\/mark><\/h3>\n\n<p><mark style=\"background-color:rgba(0, 0, 0, 0)\" class=\"has-inline-color has-ast-global-color-7-color\">The 14th National Conference on Biodiversity will be organized by the Department of Biological and Environmental Sciences and Technologies (DiSTeBA) of the University of Salento in collaboration with the Academy of Mediterranean Biodiversity Sciences (ASBM) in order to continue the discussion and dialogue initiated more than 25 years ago, among scientists, institutional and policymakers, on issues related to the mutually complementary domains of the biodiversity: biodiversity at intraspecific level, at interspecific level , and at entire ecosystem level. L\u2019obiettivo consiste nell\u2019aiutare a promuovere gli avanzamenti della conoscenza sulla base del metodo scientifico. In particolare, la 14a Conferenza Nazionale sulla Biodiversit\u00e0 costituisce un\u2019esposizione per studi e ricerche focalizzati su \u201cBiodiversit\u00e0, Resilienza e Cambiamento Climatico\u201d. <\/mark> &#8212;&#8211;<strong><mark style=\"background-color:rgba(0, 0, 0, 0)\" class=\"has-inline-color has-ast-global-color-1-color\">Registration: <a rel=\"noreferrer noopener\" href=\"https:\/\/leccebiodiversity2023.com\/\" data-type=\"URL\" data-id=\"https:\/\/leccebiodiversity2023.com\/\" target=\"_blank\">HERE<\/a><\/mark><\/strong> &#8211; <strong><mark style=\"background-color:rgba(0, 0, 0, 0)\" class=\"has-inline-color has-ast-global-color-7-color\">deadline Early Registration Saturday <\/mark> <mark style=\"background-color:rgba(0, 0, 0, 0)\" class=\"has-inline-color has-ast-global-color-0-color\">3<\/mark> <mark style=\"background-color:rgba(0, 0, 0, 0)\" class=\"has-inline-color has-ast-global-color-0-color\">0th June<\/mark> <mark style=\"background-color:rgba(0, 0, 0, 0)\" class=\"has-inline-color has-ast-global-color-7-color\"> 2023!<\/mark><\/strong><\/p>\n\n<p>A partire dalla nascita dell\u2019agricoltura pi\u00f9 di 12000 anni fa, abbiamo sperimentato una continua erosione di biodiversit\u00e0 legata al restringimento degli ecosistemi naturali a favore delle aree coltivate. L\u2019agricoltura ha portato al concetto di agrobiodiversit\u00e0 e alla proliferazione di molte variet\u00e0 tipiche locali (e, in alcuni casi, di specie importate da altri continenti).<\/p>\n\n<p>Oggi, salvaguardare la produttivit\u00e0, la sostenibilit\u00e0, e la biodiversit\u00e0 dell\u2019agroecosistema \u00e8 utile a prevenire la conversione di nuove aree naturali in campi coltivati. Tuttavia, in anni recenti, l\u2019incremento della concentrazione dei gas serra e delle temperature medie a livello mondiale hanno introdotto nuove variabili a questa sfida.<\/p>\n\n<p>Gli effetti del cambiamento climatico sulla biodiversit\u00e0 sono gi\u00e0 visibili: distribuzione di specie, periodi di fioritura e migrazione degli uccelli stanno cambiando. Quindi, \u00e8 necessario per l\u2019uomo essere in grado di aiutare a garantire la giusta salubrit\u00e0 degli ecosistemi, perch\u00e9 il nostro sviluppo e benessere sono strettamente dipendenti dall\u2019ecosistema che la natura ci fornisce.<\/p>\n\n<p>Cambiamento climatico, perdita di biodiversit\u00e0, e degradazione degli ecosistemi sono interconnessi e possiedono conseguenze devastanti per la nostra stabilit\u00e0 economica e sociale, salute, e benessere. La EU Biodiversity Strategy 2030, un pilastro chiave del Piano Verde Europeo, include un piano di ripristino naturale che pu\u00f2 promuovere la proliferazione delle cosiddette \u201csoluzioni basate sulla natura\u201d, ovvero valide opzioni socioeconomiche riguardo gli ambiti agroforestale, risorse idriche e ambiente urbano.<\/p>\n\n<p>Biodiversit\u00e0, resilienza e cambiamento climatico sono problemi strettamente correlati che costituiscono una sfida strategica futura nello scenario dello sviluppo sostenibile. Una strategia innovativa della salvaguardia della biodiversit\u00e0 che copre non solo gli ambienti terrestri e acquatici formatisi milioni di anni fa, ma anche ambienti naturali secondari plasmati dall\u2019azione umana nel corso dei secoli (in particolare nelle recenti decadi), che hanno portato alla formazione delle odierne aree rurali a partire dai \u201ccampi coltivati\u201d.<\/p>\n\n<p>Visit: <a href=\"https:\/\/leccebiodiversity2023.com\/\">https:\/\/leccebiodiversity2023.com\/<\/a><\/p>\n\n<p><strong><mark style=\"background-color:rgba(0, 0, 0, 0)\" class=\"has-inline-color has-ast-global-color-1-color\">Registration: <a rel=\"noreferrer noopener\" href=\"https:\/\/leccebiodiversity2023.com\/\" data-type=\"URL\" data-id=\"https:\/\/leccebiodiversity2023.com\/\" target=\"_blank\">HERE<\/a><\/mark><\/strong> &#8211; <strong><mark style=\"background-color:rgba(0, 0, 0, 0)\" class=\"has-inline-color has-ast-global-color-7-color\">deadline Early Registration Saturday <\/mark> <mark style=\"background-color:rgba(0, 0, 0, 0)\" class=\"has-inline-color has-ast-global-color-0-color\">30th June<\/mark> <mark style=\"background-color:rgba(0, 0, 0, 0)\" class=\"has-inline-color has-ast-global-color-7-color\"> 2023!<\/mark><\/strong><\/p>\n\n<p><\/p>\n","protected":false},"excerpt":{"rendered":"<p>14th National Conference on Biodiversity 1st International Conference on Mediterranean Biodiversity 13th \u2013 15th September 2023 Registration: HERE &#8211; deadline Early Registration Saturday 3 0th June 2023! Biodiversity, resilience and climate change The 14th National Conference on Biodiversity will be organized by the Department of Biological and Environmental Sciences and Technologies (DiSTeBA) of the University [&hellip;]<\/p>\n","protected":false},"author":5,"featured_media":1635,"comment_status":"closed","ping_status":"closed","sticky":false,"template":"","format":"standard","meta":{"inline_featured_image":false,"_uag_custom_page_level_css":"","footnotes":""},"categories":[57],"tags":[69,95,91,70,71,67,64],"class_list":["post-2411","post","type-post","status-publish","format-standard","has-post-thumbnail","hentry","category-eventi","tag-fonti-microbiche","tag-metadata-it","tag-microbialdiversity-it","tag-microresi-it","tag-mirri-it","tag-pnrr-it","tag-sus-mirri-it"],"uagb_featured_image_src":{"full":["https:\/\/www.sus-mirri.it\/wp-content\/uploads\/2023\/05\/Schermata-2023-05-17-alle-17.46.55-e1684338605263.png",1694,360,false],"thumbnail":["https:\/\/www.sus-mirri.it\/wp-content\/uploads\/2023\/05\/Schermata-2023-05-17-alle-17.46.55-e1684338605263-150x32.png",150,32,true],"medium":["https:\/\/www.sus-mirri.it\/wp-content\/uploads\/2023\/05\/Schermata-2023-05-17-alle-17.46.55-e1684338605263-300x64.png",300,64,true],"medium_large":["https:\/\/www.sus-mirri.it\/wp-content\/uploads\/2023\/05\/Schermata-2023-05-17-alle-17.46.55-e1684338605263-768x163.png",768,163,true],"large":["https:\/\/www.sus-mirri.it\/wp-content\/uploads\/2023\/05\/Schermata-2023-05-17-alle-17.46.55-e1684338605263-1024x218.png",1024,218,true],"1536x1536":["https:\/\/www.sus-mirri.it\/wp-content\/uploads\/2023\/05\/Schermata-2023-05-17-alle-17.46.55-e1684338605263-1536x326.png",1536,326,true],"2048x2048":["https:\/\/www.sus-mirri.it\/wp-content\/uploads\/2023\/05\/Schermata-2023-05-17-alle-17.46.55-e1684338605263.png",1694,360,false],"blade-grve-large-rect-horizontal":["https:\/\/www.sus-mirri.it\/wp-content\/uploads\/2023\/05\/Schermata-2023-05-17-alle-17.46.55-e1684338605263.png",1170,249,false],"blade-grve-small-square":["https:\/\/www.sus-mirri.it\/wp-content\/uploads\/2023\/05\/Schermata-2023-05-17-alle-17.46.55-e1684338605263.png",600,128,false],"blade-grve-small-rect-horizontal":["https:\/\/www.sus-mirri.it\/wp-content\/uploads\/2023\/05\/Schermata-2023-05-17-alle-17.46.55-e1684338605263.png",800,170,false],"blade-grve-small-rect-horizontal-wide":["https:\/\/www.sus-mirri.it\/wp-content\/uploads\/2023\/05\/Schermata-2023-05-17-alle-17.46.55-e1684338605263.png",800,170,false],"blade-grve-small-rect-vertical":["https:\/\/www.sus-mirri.it\/wp-content\/uploads\/2023\/05\/Schermata-2023-05-17-alle-17.46.55-e1684338605263.png",600,128,false],"blade-grve-medium-rect-vertical":["https:\/\/www.sus-mirri.it\/wp-content\/uploads\/2023\/05\/Schermata-2023-05-17-alle-17.46.55-e1684338605263.png",560,119,false],"blade-grve-medium-square":["https:\/\/www.sus-mirri.it\/wp-content\/uploads\/2023\/05\/Schermata-2023-05-17-alle-17.46.55-e1684338605263.png",1120,238,false],"blade-grve-fullscreen":["https:\/\/www.sus-mirri.it\/wp-content\/uploads\/2023\/05\/Schermata-2023-05-17-alle-17.46.55-e1684338605263.png",1694,360,false]},"uagb_author_info":{"display_name":"Maria Gullo","author_link":"https:\/\/www.sus-mirri.it\/it\/author\/maria-gullo\/"},"uagb_comment_info":0,"uagb_excerpt":"14th National Conference on Biodiversity 1st International Conference on Mediterranean Biodiversity 13th \u2013 15th September 2023 Registration: HERE &#8211; deadline Early Registration Saturday 3 0th June 2023! Biodiversity, resilience and climate change The 14th National Conference on Biodiversity will be organized by the Department of Biological and Environmental Sciences and Technologies (DiSTeBA) of the University&hellip;","_links":{"self":[{"href":"https:\/\/www.sus-mirri.it\/it\/wp-json\/wp\/v2\/posts\/2411","targetHints":{"allow":["GET"]}}],"collection":[{"href":"https:\/\/www.sus-mirri.it\/it\/wp-json\/wp\/v2\/posts"}],"about":[{"href":"https:\/\/www.sus-mirri.it\/it\/wp-json\/wp\/v2\/types\/post"}],"author":[{"embeddable":true,"href":"https:\/\/www.sus-mirri.it\/it\/wp-json\/wp\/v2\/users\/5"}],"replies":[{"embeddable":true,"href":"https:\/\/www.sus-mirri.it\/it\/wp-json\/wp\/v2\/comments?post=2411"}],"version-history":[{"count":3,"href":"https:\/\/www.sus-mirri.it\/it\/wp-json\/wp\/v2\/posts\/2411\/revisions"}],"predecessor-version":[{"id":2414,"href":"https:\/\/www.sus-mirri.it\/it\/wp-json\/wp\/v2\/posts\/2411\/revisions\/2414"}],"wp:featuredmedia":[{"embeddable":true,"href":"https:\/\/www.sus-mirri.it\/it\/wp-json\/wp\/v2\/media\/1635"}],"wp:attachment":[{"href":"https:\/\/www.sus-mirri.it\/it\/wp-json\/wp\/v2\/media?parent=2411"}],"wp:term":[{"taxonomy":"category","embeddable":true,"href":"https:\/\/www.sus-mirri.it\/it\/wp-json\/wp\/v2\/categories?post=2411"},{"taxonomy":"post_tag","embeddable":true,"href":"https:\/\/www.sus-mirri.it\/it\/wp-json\/wp\/v2\/tags?post=2411"}],"curies":[{"name":"wp","href":"https:\/\/api.w.org\/{rel}","templated":true}]}}