{"id":2415,"date":"2023-04-28T15:51:00","date_gmt":"2023-04-28T15:51:00","guid":{"rendered":"https:\/\/www.sus-mirri.it\/2023\/04\/le-colture-starter-artigianali-un-patrimonio-da-difendere-per-la-tutela-della-biodiversita-e-della-sovranita-alimentare\/"},"modified":"2024-01-31T17:24:15","modified_gmt":"2024-01-31T17:24:15","slug":"le-colture-starter-artigianali-un-patrimonio-da-difendere-per-la-tutela-della-biodiversita-e-della-sovranita-alimentare","status":"publish","type":"post","link":"https:\/\/www.sus-mirri.it\/it\/2023\/04\/le-colture-starter-artigianali-un-patrimonio-da-difendere-per-la-tutela-della-biodiversita-e-della-sovranita-alimentare\/","title":{"rendered":"Le colture starter artigianali: un patrimonio da difendere per la tutela della biodiversit\u00e0 e della sovranit\u00e0 alimentare"},"content":{"rendered":"\n<p class=\"has-text-align-center\">Evento Divulgativo<\/p>\n\n<p class=\"has-text-align-center\">Gioved\u00ec 27 Aprile 2023 \u2013 ore 16:30 -18:30<br\/>modalit\u00e0 telematica:<a rel=\"noreferrer noopener\" href=\"https:\/\/meet.google.com\/poi-hhkg-vcv\" target=\"_blank\"> https:\/\/meet.google.com\/poi-hhkg-vcv<\/a><\/p>\n\n<p class=\"has-text-align-center\"><mark style=\"background-color:rgba(0, 0, 0, 0)\" class=\"has-inline-color has-ast-global-color-7-color\">Project SUS-MIRRI.IT<br\/>\u201cStrengthening the MIRRI Italian Research Infrastructure for Sustainable Bioscience and Bioeconomy\u201d<br\/>Area ESFRI \u201cHealth and Food &#8211; granted by the European Commission \u2013 NextGenerationEU<\/mark><\/p>\n\n<p>Le colture starter artigianali (siero innesti, colture naturali in latte) sono da sempre un elemento fondamentale della qualit\u00e0 e tipicit\u00e0 dei pi\u00f9 importanti formaggi italiani. Da un lato, il loro uso \u00e8 obbligatorio per la produzione di molti formaggi a marchio DOP, IGP e STG; dall\u2019altro, difficolt\u00e0 legate ad un controllo puramente empirico della loro riproduzione e performance possono contribuire all\u2019incostanza della qualit\u00e0 e portare a pratiche (come l\u2019aggiunta di colture di rinforzo) che ne possono minacciare la biodiversit\u00e0. Tuttavia, il loro abbandono a favore di colture starter selezionate espone il settore ad un appiattimento della qualit\u00e0 e ad una perdita importante e talvolta irrimediabile non solo della biodiversit\u00e0 microbica, ma anche della sovranit\u00e0 alimentare. In questo breve incontro discuteremo fra scienziati e addetti del settore lattiero-caseario delle politiche e azioni di tutela necessarie a preservare questo imprescindibile patrimonio di biodiversit\u00e0, anche nel contesto di recenti iniziative finanziate dal PNRR volte alla conservazione delle comunit\u00e0 microbiche degli alimenti. <\/p>\n\n<p>Mentre resta fondamentale il tema della modalit\u00e0 di propagazione tradizionale, \u00e8 importante capire come le tecnologie molecolari pi\u00f9 avanzate, che combinano approcci ad alta capacit\u00e0 e risoluzione per lo studio della composizione tassonomica e della funzionalit\u00e0 delle colture, possono permettere di giungere ad una conoscenza dettagliata della composizione, dinamica e potenziale tecnologico delle colture e se sia possibile, con uno sforzo concertato delle istituzioni di ricerca e stakeholder, sviluppare tecnologie volte alla conservazione e alla predizione delle propriet\u00e0 funzionali delle colture stesse che possano garantire ai caseifici e ai consumatori costanza ed eccellenza della qualit\u00e0.<\/p>\n\n<p>Scarica <a href=\"https:\/\/drive.google.com\/file\/d\/1ZH_0NNVeyGRgSZdWXWiaPD6VAZNE3l4u\/view?usp=sharing\" data-type=\"URL\" data-id=\"https:\/\/drive.google.com\/file\/d\/1ZH_0NNVeyGRgSZdWXWiaPD6VAZNE3l4u\/view?usp=sharing\">il programma QUI<\/a><\/p>\n\n<ul class=\"wp-block-list\">\n<li>Presentazione <a href=\"https:\/\/drive.google.com\/file\/d\/1CJXnCrZHYAKxrB4C9DSqnbvedEs-UttY\/view?usp=sharing\" data-type=\"URL\" data-id=\"https:\/\/drive.google.com\/file\/d\/1CJXnCrZHYAKxrB4C9DSqnbvedEs-UttY\/view?usp=sharing\" target=\"_blank\" rel=\"noreferrer noopener\">&#8220;Le colture artigianali e i formaggi a pasta filata&#8221;<\/a><\/li>\n\n\n\n<li>Presentazione <a href=\"https:\/\/drive.google.com\/file\/d\/1ZiUhyXj9E1g-NGBWTUi6hwlOhHQ5u3_B\/view?usp=sharing\" data-type=\"URL\" data-id=\"https:\/\/drive.google.com\/file\/d\/1ZiUhyXj9E1g-NGBWTUi6hwlOhHQ5u3_B\/view?usp=sharing\" target=\"_blank\" rel=\"noreferrer noopener\">&#8220;La conservazione dei microbiomi: sfide e strategie del Progetto SUS-MIRRI.IT per la tutela della biodiversit\u00e0&#8221;<\/a><\/li>\n\n\n\n<li>Presentazione <a href=\"https:\/\/drive.google.com\/file\/d\/18A-Ucn0Sxb-dC50Tneo_1pRHg2QqL5gj\/view?usp=sharing\" data-type=\"URL\" data-id=\"https:\/\/drive.google.com\/file\/d\/18A-Ucn0Sxb-dC50Tneo_1pRHg2QqL5gj\/view?usp=sharing\" target=\"_blank\" rel=\"noreferrer noopener\">&#8220;Colture di caseificio, riproducibilit\u00e0 e identit\u00e0 dei formaggi&#8221;<\/a><\/li>\n\n\n\n<li>Presentazione <a href=\"https:\/\/drive.google.com\/file\/d\/15JufA8RdFeS5iS6NXf-sBHGRJVN7u96_\/view?usp=sharing\" data-type=\"URL\" data-id=\"https:\/\/drive.google.com\/file\/d\/15JufA8RdFeS5iS6NXf-sBHGRJVN7u96_\/view?usp=sharing\" target=\"_blank\" rel=\"noreferrer noopener\">&#8220;Quali e quanti: tecniche classiche e innovative per lo studio del microbiota delle colture artigianali&#8221;<\/a><\/li>\n<\/ul>\n\n<p>PROGRAMMA<br\/>16:30 &#8211; SALUTI<br\/>Prof. Eugenio Parente &#8211; Universit\u00e0 degli Studi della Basilicata, Scuola di Scienze Agrarie,<br\/>Forestali, Alimentari e Ambientali (SAFE)<br\/>Prof. Erasmo Neviani &#8211; Universit\u00e0 degli Studi di Parma &#8211; Dipartimento di Scienze degli<br\/>Alimenti e del Farmaco (SAF)<br\/>INTERVENTI<br\/>16:45 &#8211; Prof.ssa Teresa Zotta, Universit\u00e0 degli Studi della Basilicata &#8211; Scuola SAFE<br\/>La conservazione dei microbiomi: sfide e strategie del Progetto SUS-MIRRI per la tutela della<br\/>biodiversit\u00e0<br\/>17:00 &#8211; Dott.ssa Alessia Levante, Universit\u00e0 degli Studi di Parma &#8211; Dipartimento SAF<br\/>Quali e quanti: tecniche classiche e innovative per lo studio del microbiota delle colture<br\/>artigianali<br\/>17:15 &#8211; Prof. Germano Mucchetti, Professore in quiescenza, Universit\u00e0 degli Studi di Parma<br\/>Colture di caseificio, riproducibilit\u00e0 e identit\u00e0 dei formaggi: la sfida della complessit\u00e0<br\/>17:30 &#8211; Prof. Eugenio Parente, Universit\u00e0 degli Studi della Basilicata &#8211; Scuola SAFE<br\/>Colture artigianali per formaggi a pasta filata, stato dell\u2019arte e potenzialit\u00e0 per la<br\/>conservazione e il monitoraggio<br\/>17:45 &#8211; Discussione con i Consorzi di tutela e produttori: Dalla descrizione alla predizione.<br\/>Moderatori: Prof. Eugenio Parente (SAFE &#8211; UNIBAS), Prof. Erasmo Neviani (SAF &#8211; UNIPR)<br\/>18:30 \u2013 Conclusioni<br\/>Con il patrocinio della Societ\u00e0 Italiana di Microbiologia Agro-Alimentare e Ambientale<\/p>\n","protected":false},"excerpt":{"rendered":"<p>Evento Divulgativo Gioved\u00ec 27 Aprile 2023 \u2013 ore 16:30 -18:30modalit\u00e0 telematica: https:\/\/meet.google.com\/poi-hhkg-vcv Project SUS-MIRRI.IT\u201cStrengthening the MIRRI Italian Research Infrastructure for Sustainable Bioscience and Bioeconomy\u201dArea ESFRI \u201cHealth and Food &#8211; granted by the European Commission \u2013 NextGenerationEU Le colture starter artigianali (siero innesti, colture naturali in latte) sono da sempre un elemento fondamentale della qualit\u00e0 e [&hellip;]<\/p>\n","protected":false},"author":5,"featured_media":1631,"comment_status":"closed","ping_status":"closed","sticky":false,"template":"","format":"standard","meta":{"inline_featured_image":false,"_uag_custom_page_level_css":"","footnotes":""},"categories":[58],"tags":[69,91,70,71,67,64],"class_list":["post-2415","post","type-post","status-publish","format-standard","has-post-thumbnail","hentry","category-news-it","tag-fonti-microbiche","tag-microbialdiversity-it","tag-microresi-it","tag-mirri-it","tag-pnrr-it","tag-sus-mirri-it"],"uagb_featured_image_src":{"full":["https:\/\/www.sus-mirri.it\/wp-content\/uploads\/2023\/02\/banner-linkedin-scaled.jpg",2560,640,false],"thumbnail":["https:\/\/www.sus-mirri.it\/wp-content\/uploads\/2023\/02\/banner-linkedin-150x150.jpg",150,150,true],"medium":["https:\/\/www.sus-mirri.it\/wp-content\/uploads\/2023\/02\/banner-linkedin-300x75.jpg",300,75,true],"medium_large":["https:\/\/www.sus-mirri.it\/wp-content\/uploads\/2023\/02\/banner-linkedin-768x192.jpg",768,192,true],"large":["https:\/\/www.sus-mirri.it\/wp-content\/uploads\/2023\/02\/banner-linkedin-1024x256.jpg",1024,256,true],"1536x1536":["https:\/\/www.sus-mirri.it\/wp-content\/uploads\/2023\/02\/banner-linkedin-1536x384.jpg",1536,384,true],"2048x2048":["https:\/\/www.sus-mirri.it\/wp-content\/uploads\/2023\/02\/banner-linkedin-2048x512.jpg",2048,512,true],"blade-grve-large-rect-horizontal":["https:\/\/www.sus-mirri.it\/wp-content\/uploads\/2023\/02\/banner-linkedin-scaled.jpg",1170,293,false],"blade-grve-small-square":["https:\/\/www.sus-mirri.it\/wp-content\/uploads\/2023\/02\/banner-linkedin-scaled.jpg",600,150,false],"blade-grve-small-rect-horizontal":["https:\/\/www.sus-mirri.it\/wp-content\/uploads\/2023\/02\/banner-linkedin-scaled.jpg",800,200,false],"blade-grve-small-rect-horizontal-wide":["https:\/\/www.sus-mirri.it\/wp-content\/uploads\/2023\/02\/banner-linkedin-scaled.jpg",800,200,false],"blade-grve-small-rect-vertical":["https:\/\/www.sus-mirri.it\/wp-content\/uploads\/2023\/02\/banner-linkedin-scaled.jpg",600,150,false],"blade-grve-medium-rect-vertical":["https:\/\/www.sus-mirri.it\/wp-content\/uploads\/2023\/02\/banner-linkedin-scaled.jpg",560,140,false],"blade-grve-medium-square":["https:\/\/www.sus-mirri.it\/wp-content\/uploads\/2023\/02\/banner-linkedin-scaled.jpg",1120,280,false],"blade-grve-fullscreen":["https:\/\/www.sus-mirri.it\/wp-content\/uploads\/2023\/02\/banner-linkedin-scaled.jpg",1920,480,false]},"uagb_author_info":{"display_name":"Maria Gullo","author_link":"https:\/\/www.sus-mirri.it\/it\/author\/maria-gullo\/"},"uagb_comment_info":0,"uagb_excerpt":"Evento Divulgativo Gioved\u00ec 27 Aprile 2023 \u2013 ore 16:30 -18:30modalit\u00e0 telematica: https:\/\/meet.google.com\/poi-hhkg-vcv Project SUS-MIRRI.IT\u201cStrengthening the MIRRI Italian Research Infrastructure for Sustainable Bioscience and Bioeconomy\u201dArea ESFRI \u201cHealth and Food &#8211; granted by the European Commission \u2013 NextGenerationEU Le colture starter artigianali (siero innesti, colture naturali in latte) sono da sempre un elemento fondamentale della qualit\u00e0 e&hellip;","_links":{"self":[{"href":"https:\/\/www.sus-mirri.it\/it\/wp-json\/wp\/v2\/posts\/2415","targetHints":{"allow":["GET"]}}],"collection":[{"href":"https:\/\/www.sus-mirri.it\/it\/wp-json\/wp\/v2\/posts"}],"about":[{"href":"https:\/\/www.sus-mirri.it\/it\/wp-json\/wp\/v2\/types\/post"}],"author":[{"embeddable":true,"href":"https:\/\/www.sus-mirri.it\/it\/wp-json\/wp\/v2\/users\/5"}],"replies":[{"embeddable":true,"href":"https:\/\/www.sus-mirri.it\/it\/wp-json\/wp\/v2\/comments?post=2415"}],"version-history":[{"count":3,"href":"https:\/\/www.sus-mirri.it\/it\/wp-json\/wp\/v2\/posts\/2415\/revisions"}],"predecessor-version":[{"id":2418,"href":"https:\/\/www.sus-mirri.it\/it\/wp-json\/wp\/v2\/posts\/2415\/revisions\/2418"}],"wp:featuredmedia":[{"embeddable":true,"href":"https:\/\/www.sus-mirri.it\/it\/wp-json\/wp\/v2\/media\/1631"}],"wp:attachment":[{"href":"https:\/\/www.sus-mirri.it\/it\/wp-json\/wp\/v2\/media?parent=2415"}],"wp:term":[{"taxonomy":"category","embeddable":true,"href":"https:\/\/www.sus-mirri.it\/it\/wp-json\/wp\/v2\/categories?post=2415"},{"taxonomy":"post_tag","embeddable":true,"href":"https:\/\/www.sus-mirri.it\/it\/wp-json\/wp\/v2\/tags?post=2415"}],"curies":[{"name":"wp","href":"https:\/\/api.w.org\/{rel}","templated":true}]}}